{"id":1708,"date":"2022-08-03T14:13:00","date_gmt":"2022-08-03T12:13:00","guid":{"rendered":"http:\/\/psv-hd.de\/psvNeu\/?p=1708"},"modified":"2023-12-04T19:13:24","modified_gmt":"2023-12-04T18:13:24","slug":"%e5%a4%8f%e4%bc%91%e3%81%bf%e3%81%ae%e6%9f%94%e8%a1%93%e3%83%a6%e3%83%bc%e3%82%b9%e3%83%bb%e3%82%b3%e3%83%bc%e3%82%b9%e3%80%8c%e6%9f%94%e8%a1%93-not-with-me","status":"publish","type":"post","link":"https:\/\/polizeisportverein-heidelberg.de\/ja\/2022\/08\/03\/ju-jutsu-nicht-mit-mir-kurs-fuer-unsere-ju-jutsu-jugend-in-den-sommerferien\/","title":{"rendered":"\u590f\u4f11\u307f\u4e2d\u306e\u67d4\u8853\u9752\u5c11\u5e74\u306e\u305f\u3081\u306e \"Not with me\u30b3\u30fc\u30b9\""},"content":{"rendered":"<p>\u901a\u5e38\u3001\u5b50\u4f9b\u305f\u3061\u3084\u30b3\u30fc\u30c1\u306f\u3001\u5b66\u6821\u304c\u4f11\u307f\u306e\u9593\u306f\u67d4\u8853\u306e\u6642\u9593\u3082\u3042\u308b\u3002<\/p>\n\n\n\n<p>\u3057\u304b\u3057\u30012022\u5e74\u306e\u9577\u3044\u590f\u4f11\u307f\u306b\u5411\u3051\u3066\u3001\u7279\u5225\u306a\u4f01\u753b\u3092\u8003\u3048\u307e\u3057\u305f\u3002\u9023\u4f11\u306e\u524d\u534a\u306b\u3001\u4f4e\u5b66\u5e74\uff086\uff5e10\u6b73\uff09\u5411\u3051\u306e\u7279\u5225\u30c8\u30ec\u30fc\u30cb\u30f3\u30b0\u3092\u5b9f\u65bd\u3057\u307e\u3059\u3002<\/p>\n\n\n\n<p>\u4eca\u56de\u306f\u3001\u8b77\u8eab\u8853\u306b\u7126\u70b9\u3092\u5f53\u3066\u308b\u3002\u5b50\u4f9b\u305f\u3061\u306b\u4e88\u9632\u306b\u3064\u3044\u3066\u8a71\u3057\u3001\u81ea\u5df1\u4e3b\u5f35\u306e\u7df4\u7fd2\u3092\u884c\u3044\u3001\u3082\u3061\u308d\u3093\u7dca\u6025\u6642\u306b\u8eab\u3092\u5b88\u308b\u65b9\u6cd5\u3092\u5b66\u3073\u307e\u3059\u3002<\/p>\n\n\n\n<p>\u3057\u305f\u304c\u3063\u3066\u3001\u3053\u306e\u30b3\u30fc\u30b9\u306f\u7d14\u7c8b\u306a\u67d4\u8853\u306e\u30c6\u30af\u30cb\u30c3\u30af\u4ee5\u4e0a\u306e\u3082\u306e\u3067\u3042\u308b\u3002\u306a\u305c\u306a\u3089\u3001\u67d4\u8853\u306e\u30c6\u30af\u30cb\u30c3\u30af\u306f\u3001\u4ed6\u306e\u3059\u3079\u3066\u304c\u3046\u307e\u304f\u3044\u304b\u305a\u3001\u9003\u3052\u9053\u3092\u898b\u3064\u3051\u308b\u305f\u3081\u306b\u672c\u5f53\u306b\u529b\u3092\u4f7f\u308f\u306a\u3051\u308c\u3070\u306a\u3089\u306a\u3044\u3068\u304d\u306e\u6700\u5f8c\u306e\u624b\u6bb5\u3067\u3057\u304b\u306a\u3044\u304b\u3089\u3060\u3002<\/p>\n\n\n\n<p>\u3053\u306e\u30b3\u30fc\u30b9\u306e\u30b3\u30f3\u30bb\u30d7\u30c8\u306f\u3001\u30c9\u30a4\u30c4\u67d4\u8853\u5354\u4f1a\u306e \"Nicht mit Mir \"\u30d7\u30ed\u30b0\u30e9\u30e0\u3067\u3001\u5b50\u4f9b\u3084\u82e5\u8005\u306e\u305f\u3081\u306b\u7279\u5225\u306b\u958b\u767a\u3055\u308c\u305f\u3082\u306e\u3067\u3001\u8b77\u8eab\u8853\u3068\u81ea\u5df1\u4e3b\u5f35\u306e\u8a13\u7df4\u3092\u76ee\u7684\u3068\u3057\u3066\u3044\u308b\u3002<\/p>\n\n\n\n<figure class=\"wp-block-image size-full\"><img decoding=\"async\" width=\"768\" height=\"395\" src=\"http:\/\/psv-hd.de\/psvNeu\/wp-content\/uploads\/2022\/09\/Beitrag_Plakat_NimiKurs_kids_dateless_web-1-768x395-1.jpg\" alt=\"\" class=\"wp-image-1709\" srcset=\"https:\/\/polizeisportverein-heidelberg.de\/wp-content\/uploads\/2022\/09\/Beitrag_Plakat_NimiKurs_kids_dateless_web-1-768x395-1.jpg 768w, https:\/\/polizeisportverein-heidelberg.de\/wp-content\/uploads\/2022\/09\/Beitrag_Plakat_NimiKurs_kids_dateless_web-1-768x395-1-300x154.jpg 300w, https:\/\/polizeisportverein-heidelberg.de\/wp-content\/uploads\/2022\/09\/Beitrag_Plakat_NimiKurs_kids_dateless_web-1-768x395-1-18x9.jpg 18w\" sizes=\"(max-width: 768px) 100vw, 768px\" \/><\/figure>\n\n\n\n<p><br><a href=\"..\/..\/..\/..\/ju-jutsu\">\u67d4\u8853\u90e8\u9580\u306f\u3053\u3061\u3089 &gt;&gt; \u67d4\u8853\u90e8\u9580\u306f\u3053\u3061\u3089<\/a><\/p>","protected":false},"excerpt":{"rendered":"<p>Normalerweise haben Kinder und Trainer in den Schulferien auch Ju-Jutsu frei. F\u00fcr die langen Sommerferien 2022 haben wir uns aber etwas besonderes \u00fcberlegt. F\u00fcr die kleineren Kinder (6-10 Jahren) werden wir die erste H\u00e4lfte der Ferien ein Spezialtraining anbieten. Darin soll es um das Thema Selbstverteidigung gehen. Wir reden mit den Kindern \u00fcber Pr\u00e4vention, f\u00fchren \u00dcbungen zur Selbstbehauptung durch und lernen nat\u00fcrlich auch uns im Notfall zu Verteidigen. Der Kurs ist also mehr als nur reine Ju-Jutsu Techniken, denn die&nbsp; sind nur das letzte Mittel wenn alles andere versagt und ich mir wirklich meinen Fluchtweg mit Gewalt durchsetzen muss. Das Konzept hinter dem Kurs ist das Programm \u201eNicht mit Mir\u201c&hellip;&nbsp;<a href=\"https:\/\/polizeisportverein-heidelberg.de\/ja\/2022\/08\/03\/ju-jutsu-nicht-mit-mir-kurs-fuer-unsere-ju-jutsu-jugend-in-den-sommerferien\/\" rel=\"bookmark\">Read More &raquo;<span class=\"screen-reader-text\">\u590f\u4f11\u307f\u4e2d\u306e\u67d4\u8853\u9752\u5c11\u5e74\u306e\u305f\u3081\u306e \"Not with me\u30b3\u30fc\u30b9\"<\/span><\/a><\/p>","protected":false},"author":25,"featured_media":-1708,"comment_status":"closed","ping_status":"closed","sticky":false,"template":"","format":"standard","meta":{"neve_meta_sidebar":"","neve_meta_container":"","neve_meta_enable_content_width":"","neve_meta_content_width":0,"neve_meta_title_alignment":"","neve_meta_author_avatar":"","neve_post_elements_order":"","neve_meta_disable_header":"","neve_meta_disable_footer":"","neve_meta_disable_title":"","neve_meta_reading_time":"","footnotes":""},"categories":[1,33],"tags":[],"class_list":["post-1708","post","type-post","status-publish","format-standard","has-post-thumbnail","hentry","category-allgemein","category-ju-jutsu"],"nelio_content":{"autoShareEndMode":"never","automationSources":{"useCustomSentences":false,"customSentences":[]},"efiAlt":"","efiUrl":"","followers":[25,14],"highlights":[],"isAutoShareEnabled":true,"networkImageIds":[],"permalinkQueryArgs":[],"series":[],"suggestedReferences":[]},"yoast_head":"<!-- This site is optimized with the Yoast SEO plugin v27.5 - https:\/\/yoast.com\/product\/yoast-seo-wordpress\/ -->\n<title>&quot;Nicht mit Mir Kurs&quot; f\u00fcr unsere Ju-Jutsu Jugend in den Sommerferien - Polizeisportverein Heidelberg e.V.<\/title>\n<meta name=\"robots\" content=\"index, follow, max-snippet:-1, max-image-preview:large, max-video-preview:-1\" \/>\n<link rel=\"canonical\" href=\"https:\/\/polizeisportverein-heidelberg.de\/ja\/2022\/08\/03\/\u590f\u4f11\u307f\u306e\u67d4\u8853\u30e6\u30fc\u30b9\u30fb\u30b3\u30fc\u30b9\u300c\u67d4\u8853-not-with-me\/\" \/>\n<meta property=\"og:locale\" content=\"ja_JP\" \/>\n<meta property=\"og:type\" content=\"article\" \/>\n<meta property=\"og:title\" content=\"&quot;Nicht mit Mir Kurs&quot; f\u00fcr unsere Ju-Jutsu Jugend in den Sommerferien - Polizeisportverein Heidelberg e.V.\" \/>\n<meta property=\"og:description\" content=\"Normalerweise haben Kinder und Trainer in den Schulferien auch Ju-Jutsu frei. F\u00fcr die langen Sommerferien 2022 haben wir uns aber etwas besonderes \u00fcberlegt. F\u00fcr die kleineren Kinder (6-10 Jahren) werden wir die erste H\u00e4lfte der Ferien ein Spezialtraining anbieten. Darin soll es um das Thema Selbstverteidigung gehen. Wir reden mit den Kindern \u00fcber Pr\u00e4vention, f\u00fchren \u00dcbungen zur Selbstbehauptung durch und lernen nat\u00fcrlich auch uns im Notfall zu Verteidigen. Der Kurs ist also mehr als nur reine Ju-Jutsu Techniken, denn die&nbsp; sind nur das letzte Mittel wenn alles andere versagt und ich mir wirklich meinen Fluchtweg mit Gewalt durchsetzen muss. Das Konzept hinter dem Kurs ist das Programm \u201eNicht mit Mir\u201c&hellip;&nbsp;Read More &raquo;&#8222;Nicht mit Mir Kurs&#8220; f\u00fcr unsere Ju-Jutsu Jugend in den Sommerferien\" \/>\n<meta property=\"og:url\" content=\"https:\/\/polizeisportverein-heidelberg.de\/ja\/2022\/08\/03\/\u590f\u4f11\u307f\u306e\u67d4\u8853\u30e6\u30fc\u30b9\u30fb\u30b3\u30fc\u30b9\u300c\u67d4\u8853-not-with-me\/\" \/>\n<meta property=\"og:site_name\" content=\"Polizeisportverein Heidelberg e.V.\" \/>\n<meta property=\"article:published_time\" content=\"2022-08-03T12:13:00+00:00\" \/>\n<meta property=\"article:modified_time\" content=\"2023-12-04T18:13:24+00:00\" \/>\n<meta name=\"author\" content=\"Redaktion\" \/>\n<meta name=\"twitter:card\" content=\"summary_large_image\" \/>\n<meta name=\"twitter:label1\" content=\"\u57f7\u7b46\u8005\" \/>\n\t<meta name=\"twitter:data1\" content=\"Redaktion\" \/>\n\t<meta name=\"twitter:label2\" content=\"\u63a8\u5b9a\u8aad\u307f\u53d6\u308a\u6642\u9593\" \/>\n\t<meta name=\"twitter:data2\" content=\"1\u5206\" \/>\n<script type=\"application\/ld+json\" class=\"yoast-schema-graph\">{\"@context\":\"https:\\\/\\\/schema.org\",\"@graph\":[{\"@type\":\"Article\",\"@id\":\"https:\\\/\\\/polizeisportverein-heidelberg.de\\\/2022\\\/08\\\/03\\\/ju-jutsu-nicht-mit-mir-kurs-fuer-unsere-ju-jutsu-jugend-in-den-sommerferien\\\/#article\",\"isPartOf\":{\"@id\":\"https:\\\/\\\/polizeisportverein-heidelberg.de\\\/2022\\\/08\\\/03\\\/ju-jutsu-nicht-mit-mir-kurs-fuer-unsere-ju-jutsu-jugend-in-den-sommerferien\\\/\"},\"author\":{\"name\":\"Redaktion\",\"@id\":\"https:\\\/\\\/polizeisportverein-heidelberg.de\\\/#\\\/schema\\\/person\\\/606d929e0c904d931f9111388b7be25a\"},\"headline\":\"&#8222;Nicht mit Mir Kurs&#8220; f\u00fcr unsere Ju-Jutsu Jugend in den Sommerferien\",\"datePublished\":\"2022-08-03T12:13:00+00:00\",\"dateModified\":\"2023-12-04T18:13:24+00:00\",\"mainEntityOfPage\":{\"@id\":\"https:\\\/\\\/polizeisportverein-heidelberg.de\\\/2022\\\/08\\\/03\\\/ju-jutsu-nicht-mit-mir-kurs-fuer-unsere-ju-jutsu-jugend-in-den-sommerferien\\\/\"},\"wordCount\":157,\"image\":{\"@id\":\"https:\\\/\\\/polizeisportverein-heidelberg.de\\\/2022\\\/08\\\/03\\\/ju-jutsu-nicht-mit-mir-kurs-fuer-unsere-ju-jutsu-jugend-in-den-sommerferien\\\/#primaryimage\"},\"thumbnailUrl\":\"http:\\\/\\\/psv-hd.de\\\/psvNeu\\\/wp-content\\\/uploads\\\/2022\\\/09\\\/Beitrag_Plakat_NimiKurs_kids_dateless_web-1-768x395-1.jpg\",\"articleSection\":[\"Allgemein\",\"Ju-Jutsu\"],\"inLanguage\":\"ja\"},{\"@type\":\"WebPage\",\"@id\":\"https:\\\/\\\/polizeisportverein-heidelberg.de\\\/2022\\\/08\\\/03\\\/ju-jutsu-nicht-mit-mir-kurs-fuer-unsere-ju-jutsu-jugend-in-den-sommerferien\\\/\",\"url\":\"https:\\\/\\\/polizeisportverein-heidelberg.de\\\/2022\\\/08\\\/03\\\/ju-jutsu-nicht-mit-mir-kurs-fuer-unsere-ju-jutsu-jugend-in-den-sommerferien\\\/\",\"name\":\"\\\"Nicht mit Mir Kurs\\\" f\u00fcr unsere Ju-Jutsu Jugend in den Sommerferien - Polizeisportverein Heidelberg e.V.\",\"isPartOf\":{\"@id\":\"https:\\\/\\\/polizeisportverein-heidelberg.de\\\/#website\"},\"primaryImageOfPage\":{\"@id\":\"https:\\\/\\\/polizeisportverein-heidelberg.de\\\/2022\\\/08\\\/03\\\/ju-jutsu-nicht-mit-mir-kurs-fuer-unsere-ju-jutsu-jugend-in-den-sommerferien\\\/#primaryimage\"},\"image\":{\"@id\":\"https:\\\/\\\/polizeisportverein-heidelberg.de\\\/2022\\\/08\\\/03\\\/ju-jutsu-nicht-mit-mir-kurs-fuer-unsere-ju-jutsu-jugend-in-den-sommerferien\\\/#primaryimage\"},\"thumbnailUrl\":\"http:\\\/\\\/psv-hd.de\\\/psvNeu\\\/wp-content\\\/uploads\\\/2022\\\/09\\\/Beitrag_Plakat_NimiKurs_kids_dateless_web-1-768x395-1.jpg\",\"datePublished\":\"2022-08-03T12:13:00+00:00\",\"dateModified\":\"2023-12-04T18:13:24+00:00\",\"author\":{\"@id\":\"https:\\\/\\\/polizeisportverein-heidelberg.de\\\/#\\\/schema\\\/person\\\/606d929e0c904d931f9111388b7be25a\"},\"breadcrumb\":{\"@id\":\"https:\\\/\\\/polizeisportverein-heidelberg.de\\\/2022\\\/08\\\/03\\\/ju-jutsu-nicht-mit-mir-kurs-fuer-unsere-ju-jutsu-jugend-in-den-sommerferien\\\/#breadcrumb\"},\"inLanguage\":\"ja\",\"potentialAction\":[{\"@type\":\"ReadAction\",\"target\":[\"https:\\\/\\\/polizeisportverein-heidelberg.de\\\/2022\\\/08\\\/03\\\/ju-jutsu-nicht-mit-mir-kurs-fuer-unsere-ju-jutsu-jugend-in-den-sommerferien\\\/\"]}]},{\"@type\":\"ImageObject\",\"inLanguage\":\"ja\",\"@id\":\"https:\\\/\\\/polizeisportverein-heidelberg.de\\\/2022\\\/08\\\/03\\\/ju-jutsu-nicht-mit-mir-kurs-fuer-unsere-ju-jutsu-jugend-in-den-sommerferien\\\/#primaryimage\",\"url\":\"http:\\\/\\\/psv-hd.de\\\/psvNeu\\\/wp-content\\\/uploads\\\/2022\\\/09\\\/Beitrag_Plakat_NimiKurs_kids_dateless_web-1-768x395-1.jpg\",\"contentUrl\":\"http:\\\/\\\/psv-hd.de\\\/psvNeu\\\/wp-content\\\/uploads\\\/2022\\\/09\\\/Beitrag_Plakat_NimiKurs_kids_dateless_web-1-768x395-1.jpg\"},{\"@type\":\"BreadcrumbList\",\"@id\":\"https:\\\/\\\/polizeisportverein-heidelberg.de\\\/2022\\\/08\\\/03\\\/ju-jutsu-nicht-mit-mir-kurs-fuer-unsere-ju-jutsu-jugend-in-den-sommerferien\\\/#breadcrumb\",\"itemListElement\":[{\"@type\":\"ListItem\",\"position\":1,\"name\":\"Start\",\"item\":\"https:\\\/\\\/polizeisportverein-heidelberg.de\\\/\"},{\"@type\":\"ListItem\",\"position\":2,\"name\":\"&#8220;Nicht mit Mir Kurs&#8221; f\u00fcr unsere Ju-Jutsu Jugend in den Sommerferien\"}]},{\"@type\":\"WebSite\",\"@id\":\"https:\\\/\\\/polizeisportverein-heidelberg.de\\\/#website\",\"url\":\"https:\\\/\\\/polizeisportverein-heidelberg.de\\\/\",\"name\":\"Polizeisportverein Heidelberg e.V.\",\"description\":\"Budo und Ballsport f\u00fcr jedes Alter\",\"potentialAction\":[{\"@type\":\"SearchAction\",\"target\":{\"@type\":\"EntryPoint\",\"urlTemplate\":\"https:\\\/\\\/polizeisportverein-heidelberg.de\\\/?s={search_term_string}\"},\"query-input\":{\"@type\":\"PropertyValueSpecification\",\"valueRequired\":true,\"valueName\":\"search_term_string\"}}],\"inLanguage\":\"ja\"},{\"@type\":\"Person\",\"@id\":\"https:\\\/\\\/polizeisportverein-heidelberg.de\\\/#\\\/schema\\\/person\\\/606d929e0c904d931f9111388b7be25a\",\"name\":\"Redaktion\",\"image\":{\"@type\":\"ImageObject\",\"inLanguage\":\"ja\",\"@id\":\"https:\\\/\\\/secure.gravatar.com\\\/avatar\\\/b1c6f2be27b1dead8bc2e492a47d416dcabd8dc824f2ee0bb102949c0ccfef98?s=96&d=mm&r=g\",\"url\":\"https:\\\/\\\/secure.gravatar.com\\\/avatar\\\/b1c6f2be27b1dead8bc2e492a47d416dcabd8dc824f2ee0bb102949c0ccfef98?s=96&d=mm&r=g\",\"contentUrl\":\"https:\\\/\\\/secure.gravatar.com\\\/avatar\\\/b1c6f2be27b1dead8bc2e492a47d416dcabd8dc824f2ee0bb102949c0ccfef98?s=96&d=mm&r=g\",\"caption\":\"Redaktion\"},\"sameAs\":[\"https:\\\/\\\/psv-hd.de\"],\"url\":\"https:\\\/\\\/polizeisportverein-heidelberg.de\\\/ja\\\/author\\\/redaktion\\\/\"}]}<\/script>\n<!-- \/ Yoast SEO plugin. -->","yoast_head_json":{"title":"\u590f\u4f11\u307f\u4e2d\u306e\u67d4\u8853\u9752\u5c11\u5e74\u306e\u305f\u3081\u306e \"Not with me\u30b3\u30fc\u30b9\" - Polizeisportverein Heidelberg e.V.","robots":{"index":"index","follow":"follow","max-snippet":"max-snippet:-1","max-image-preview":"max-image-preview:large","max-video-preview":"max-video-preview:-1"},"canonical":"https:\/\/polizeisportverein-heidelberg.de\/ja\/2022\/08\/03\/\u590f\u4f11\u307f\u306e\u67d4\u8853\u30e6\u30fc\u30b9\u30fb\u30b3\u30fc\u30b9\u300c\u67d4\u8853-not-with-me\/","og_locale":"ja_JP","og_type":"article","og_title":"\"Nicht mit Mir Kurs\" f\u00fcr unsere Ju-Jutsu Jugend in den Sommerferien - Polizeisportverein Heidelberg e.V.","og_description":"Normalerweise haben Kinder und Trainer in den Schulferien auch Ju-Jutsu frei. F\u00fcr die langen Sommerferien 2022 haben wir uns aber etwas besonderes \u00fcberlegt. F\u00fcr die kleineren Kinder (6-10 Jahren) werden wir die erste H\u00e4lfte der Ferien ein Spezialtraining anbieten. Darin soll es um das Thema Selbstverteidigung gehen. Wir reden mit den Kindern \u00fcber Pr\u00e4vention, f\u00fchren \u00dcbungen zur Selbstbehauptung durch und lernen nat\u00fcrlich auch uns im Notfall zu Verteidigen. Der Kurs ist also mehr als nur reine Ju-Jutsu Techniken, denn die&nbsp; sind nur das letzte Mittel wenn alles andere versagt und ich mir wirklich meinen Fluchtweg mit Gewalt durchsetzen muss. Das Konzept hinter dem Kurs ist das Programm \u201eNicht mit Mir\u201c&hellip;&nbsp;Read More &raquo;&#8222;Nicht mit Mir Kurs&#8220; f\u00fcr unsere Ju-Jutsu Jugend in den Sommerferien","og_url":"https:\/\/polizeisportverein-heidelberg.de\/ja\/2022\/08\/03\/\u590f\u4f11\u307f\u306e\u67d4\u8853\u30e6\u30fc\u30b9\u30fb\u30b3\u30fc\u30b9\u300c\u67d4\u8853-not-with-me\/","og_site_name":"Polizeisportverein Heidelberg e.V.","article_published_time":"2022-08-03T12:13:00+00:00","article_modified_time":"2023-12-04T18:13:24+00:00","author":"Redaktion","twitter_card":"summary_large_image","twitter_misc":{"\u57f7\u7b46\u8005":"Redaktion","\u63a8\u5b9a\u8aad\u307f\u53d6\u308a\u6642\u9593":"1\u5206"},"schema":{"@context":"https:\/\/schema.org","@graph":[{"@type":"Article","@id":"https:\/\/polizeisportverein-heidelberg.de\/2022\/08\/03\/ju-jutsu-nicht-mit-mir-kurs-fuer-unsere-ju-jutsu-jugend-in-den-sommerferien\/#article","isPartOf":{"@id":"https:\/\/polizeisportverein-heidelberg.de\/2022\/08\/03\/ju-jutsu-nicht-mit-mir-kurs-fuer-unsere-ju-jutsu-jugend-in-den-sommerferien\/"},"author":{"name":"Redaktion","@id":"https:\/\/polizeisportverein-heidelberg.de\/#\/schema\/person\/606d929e0c904d931f9111388b7be25a"},"headline":"&#8222;Nicht mit Mir Kurs&#8220; f\u00fcr unsere Ju-Jutsu Jugend in den Sommerferien","datePublished":"2022-08-03T12:13:00+00:00","dateModified":"2023-12-04T18:13:24+00:00","mainEntityOfPage":{"@id":"https:\/\/polizeisportverein-heidelberg.de\/2022\/08\/03\/ju-jutsu-nicht-mit-mir-kurs-fuer-unsere-ju-jutsu-jugend-in-den-sommerferien\/"},"wordCount":157,"image":{"@id":"https:\/\/polizeisportverein-heidelberg.de\/2022\/08\/03\/ju-jutsu-nicht-mit-mir-kurs-fuer-unsere-ju-jutsu-jugend-in-den-sommerferien\/#primaryimage"},"thumbnailUrl":"http:\/\/psv-hd.de\/psvNeu\/wp-content\/uploads\/2022\/09\/Beitrag_Plakat_NimiKurs_kids_dateless_web-1-768x395-1.jpg","articleSection":["Allgemein","Ju-Jutsu"],"inLanguage":"ja"},{"@type":"WebPage","@id":"https:\/\/polizeisportverein-heidelberg.de\/2022\/08\/03\/ju-jutsu-nicht-mit-mir-kurs-fuer-unsere-ju-jutsu-jugend-in-den-sommerferien\/","url":"https:\/\/polizeisportverein-heidelberg.de\/2022\/08\/03\/ju-jutsu-nicht-mit-mir-kurs-fuer-unsere-ju-jutsu-jugend-in-den-sommerferien\/","name":"\u590f\u4f11\u307f\u4e2d\u306e\u67d4\u8853\u9752\u5c11\u5e74\u306e\u305f\u3081\u306e \"Not with me\u30b3\u30fc\u30b9\" - Polizeisportverein Heidelberg e.V.","isPartOf":{"@id":"https:\/\/polizeisportverein-heidelberg.de\/#website"},"primaryImageOfPage":{"@id":"https:\/\/polizeisportverein-heidelberg.de\/2022\/08\/03\/ju-jutsu-nicht-mit-mir-kurs-fuer-unsere-ju-jutsu-jugend-in-den-sommerferien\/#primaryimage"},"image":{"@id":"https:\/\/polizeisportverein-heidelberg.de\/2022\/08\/03\/ju-jutsu-nicht-mit-mir-kurs-fuer-unsere-ju-jutsu-jugend-in-den-sommerferien\/#primaryimage"},"thumbnailUrl":"http:\/\/psv-hd.de\/psvNeu\/wp-content\/uploads\/2022\/09\/Beitrag_Plakat_NimiKurs_kids_dateless_web-1-768x395-1.jpg","datePublished":"2022-08-03T12:13:00+00:00","dateModified":"2023-12-04T18:13:24+00:00","author":{"@id":"https:\/\/polizeisportverein-heidelberg.de\/#\/schema\/person\/606d929e0c904d931f9111388b7be25a"},"breadcrumb":{"@id":"https:\/\/polizeisportverein-heidelberg.de\/2022\/08\/03\/ju-jutsu-nicht-mit-mir-kurs-fuer-unsere-ju-jutsu-jugend-in-den-sommerferien\/#breadcrumb"},"inLanguage":"ja","potentialAction":[{"@type":"ReadAction","target":["https:\/\/polizeisportverein-heidelberg.de\/2022\/08\/03\/ju-jutsu-nicht-mit-mir-kurs-fuer-unsere-ju-jutsu-jugend-in-den-sommerferien\/"]}]},{"@type":"ImageObject","inLanguage":"ja","@id":"https:\/\/polizeisportverein-heidelberg.de\/2022\/08\/03\/ju-jutsu-nicht-mit-mir-kurs-fuer-unsere-ju-jutsu-jugend-in-den-sommerferien\/#primaryimage","url":"http:\/\/psv-hd.de\/psvNeu\/wp-content\/uploads\/2022\/09\/Beitrag_Plakat_NimiKurs_kids_dateless_web-1-768x395-1.jpg","contentUrl":"http:\/\/psv-hd.de\/psvNeu\/wp-content\/uploads\/2022\/09\/Beitrag_Plakat_NimiKurs_kids_dateless_web-1-768x395-1.jpg"},{"@type":"BreadcrumbList","@id":"https:\/\/polizeisportverein-heidelberg.de\/2022\/08\/03\/ju-jutsu-nicht-mit-mir-kurs-fuer-unsere-ju-jutsu-jugend-in-den-sommerferien\/#breadcrumb","itemListElement":[{"@type":"ListItem","position":1,"name":"Start","item":"https:\/\/polizeisportverein-heidelberg.de\/"},{"@type":"ListItem","position":2,"name":"&#8220;Nicht mit Mir Kurs&#8221; f\u00fcr unsere Ju-Jutsu Jugend in den Sommerferien"}]},{"@type":"WebSite","@id":"https:\/\/polizeisportverein-heidelberg.de\/#website","url":"https:\/\/polizeisportverein-heidelberg.de\/","name":"\u30cf\u30a4\u30c7\u30eb\u30d9\u30eb\u30af\u8b66\u5bdf\u30b9\u30dd\u30fc\u30c4\u30af\u30e9\u30d6","description":"\u5e74\u9f62\u3092\u554f\u308f\u305a\u697d\u3057\u3081\u308b\u6b66\u9053\u3068\u7403\u6280","potentialAction":[{"@type":"SearchAction","target":{"@type":"EntryPoint","urlTemplate":"https:\/\/polizeisportverein-heidelberg.de\/?s={search_term_string}"},"query-input":{"@type":"PropertyValueSpecification","valueRequired":true,"valueName":"search_term_string"}}],"inLanguage":"ja"},{"@type":"Person","@id":"https:\/\/polizeisportverein-heidelberg.de\/#\/schema\/person\/606d929e0c904d931f9111388b7be25a","name":"\u7de8\u96c6\u90e8","image":{"@type":"ImageObject","inLanguage":"ja","@id":"https:\/\/secure.gravatar.com\/avatar\/b1c6f2be27b1dead8bc2e492a47d416dcabd8dc824f2ee0bb102949c0ccfef98?s=96&d=mm&r=g","url":"https:\/\/secure.gravatar.com\/avatar\/b1c6f2be27b1dead8bc2e492a47d416dcabd8dc824f2ee0bb102949c0ccfef98?s=96&d=mm&r=g","contentUrl":"https:\/\/secure.gravatar.com\/avatar\/b1c6f2be27b1dead8bc2e492a47d416dcabd8dc824f2ee0bb102949c0ccfef98?s=96&d=mm&r=g","caption":"Redaktion"},"sameAs":["https:\/\/psv-hd.de"],"url":"https:\/\/polizeisportverein-heidelberg.de\/ja\/author\/redaktion\/"}]}},"_links":{"self":[{"href":"https:\/\/polizeisportverein-heidelberg.de\/ja\/wp-json\/wp\/v2\/posts\/1708","targetHints":{"allow":["GET"]}}],"collection":[{"href":"https:\/\/polizeisportverein-heidelberg.de\/ja\/wp-json\/wp\/v2\/posts"}],"about":[{"href":"https:\/\/polizeisportverein-heidelberg.de\/ja\/wp-json\/wp\/v2\/types\/post"}],"author":[{"embeddable":true,"href":"https:\/\/polizeisportverein-heidelberg.de\/ja\/wp-json\/wp\/v2\/users\/25"}],"replies":[{"embeddable":true,"href":"https:\/\/polizeisportverein-heidelberg.de\/ja\/wp-json\/wp\/v2\/comments?post=1708"}],"version-history":[{"count":0,"href":"https:\/\/polizeisportverein-heidelberg.de\/ja\/wp-json\/wp\/v2\/posts\/1708\/revisions"}],"wp:featuredmedia":[{"embeddable":true,"href":"https:\/\/polizeisportverein-heidelberg.de\/ja\/wp-json\/"}],"wp:attachment":[{"href":"https:\/\/polizeisportverein-heidelberg.de\/ja\/wp-json\/wp\/v2\/media?parent=1708"}],"wp:term":[{"taxonomy":"category","embeddable":true,"href":"https:\/\/polizeisportverein-heidelberg.de\/ja\/wp-json\/wp\/v2\/categories?post=1708"},{"taxonomy":"post_tag","embeddable":true,"href":"https:\/\/polizeisportverein-heidelberg.de\/ja\/wp-json\/wp\/v2\/tags?post=1708"}],"curies":[{"name":"wp","href":"https:\/\/api.w.org\/{rel}","templated":true}]}}